{"id":1180,"date":"2017-10-26T10:00:48","date_gmt":"2017-10-26T10:00:48","guid":{"rendered":"http:\/\/www.e-retailadvertising.com\/?p=1180"},"modified":"2017-10-23T12:01:42","modified_gmt":"2017-10-23T12:01:42","slug":"facebook-abre-stories-a-pages-para-que-se-empiece-a-usar-la-funcion","status":"publish","type":"post","link":"https:\/\/www.e-retailadvertising.com\/index.php\/2017\/10\/26\/facebook-abre-stories-a-pages-para-que-se-empiece-a-usar-la-funcion\/","title":{"rendered":"Facebook abre Stories a Pages para que se empiece a usar la funci\u00f3n"},"content":{"rendered":"<p>Facebook no ofrecer\u00e1 una forma para que las marcas promocionen sus Historias como anuncios, pero por ahora no es necesario.<br \/>\nLa caracter\u00edstica Historias de Facebook ha sido un fracaso en comparaci\u00f3n con el clon original de Snapchat e Instagram. Entonces, ahora la red social est\u00e1 abriendo el formato ef\u00edmero a las marcas.<br \/>\nEl jueves Facebook anunci\u00f3 que durante el pr\u00f3ximo mes, las p\u00e1ginas podr\u00e1n publicar historias a trav\u00e9s de sus aplicaciones de iOS y Android. Sin embargo, a diferencia de las personas normales, Pages no podr\u00e1 publicar historias simult\u00e1neamente en Facebook e Instagram, seg\u00fan un vocero de Facebook.<br \/>\n\u00abHemos estado escuchando a nuestra comunidad y trabajando para que sea r\u00e1pido, divertido y f\u00e1cil para personas y p\u00e1ginas crear historias en Facebook. En el pr\u00f3ximo mes, Pages podr\u00e1 crear historias para compartir con las personas que las sigan \u00ab, dijo Amy Sun, gerente de producto de Facebook, en un comunicado enviado por correo electr\u00f3nico.<br \/>\nLas Historias producidas por la p\u00e1gina funcionar\u00e1n de la misma manera que las Historias generadas por los usuarios que Facebook lanz\u00f3 en marzo. La presentaci\u00f3n de diapositivas cronol\u00f3gica de fotos y videos verticales aparecer\u00e1 en la pesta\u00f1a de Historias en la parte superior de la pantalla de inicio de las aplicaciones de Facebook y desaparecer\u00e1 24 horas despu\u00e9s de su publicaci\u00f3n. Las historias no se encontrar\u00e1n en la l\u00ednea de tiempo de una p\u00e1gina o dentro del feed de noticias de Facebook \u00aba menos que la p\u00e1gina tambi\u00e9n las publique all\u00ed\u00bb, seg\u00fan Facebook.<br \/>\nAl menos por ahora, Facebook no ofrecer\u00e1 una forma para que las marcas paguen por promocionar sus Historias dentro del feed de Historias o noticias tradicionales, dijo el portavoz. No es que las Historias de las marcas necesiten el impulso en este momento.<br \/>\nAunque Stories no ha logrado ganar popularidad entre la gente com\u00fan, incre\u00edblemente hay al menos una raz\u00f3n para creer que les ir\u00eda mejor con las marcas.<br \/>\nDado que el feed de Historias de Facebook a menudo est\u00e1 vac\u00edo, presenta una oportunidad para que las marcas se pongan delante de las personas sin tener que pagar por el privilegio, como es el caso con las noticias de Facebook. Y dado que la fuente de Historias se encuentra en la parte superior del canal de noticias, las Historias de P\u00e1ginas podr\u00e1n ser el primer contenido que las personas vean cuando abran Facebook.<br \/>\nPor supuesto, eso probablemente cambie si los amigos y familiares de una persona comienzan a publicar Historias o las p\u00e1ginas de celebridades acuden a la funci\u00f3n. Si eso sucede, entonces el feed de Historias probablemente se convierta principalmente en pago por jugar para p\u00e1ginas como el servicio de noticias.<\/p>\n<p>&nbsp;<\/p>\n<p>&nbsp;<\/p>\n<p>fuente: Marketingland.com \u00a0 \u00a0 (https:\/\/marketingland.com\/facebook-opens-stories-pages-someone-will-use-feature-226140)<\/p>\n","protected":false},"excerpt":{"rendered":"<p>Facebook no ofrecer\u00e1 una forma para que las marcas promocionen sus Historias como anuncios, pero por ahora no es necesario&#8230;.<\/p>\n","protected":false},"author":1,"featured_media":1183,"comment_status":"open","ping_status":"open","sticky":false,"template":"","format":"standard","meta":{"footnotes":""},"categories":[14],"tags":[179,157,105],"class_list":{"0":"post-1180","1":"post","2":"type-post","3":"status-publish","4":"format-standard","5":"has-post-thumbnail","7":"category-noticias-del-sector","8":"tag-campanasonline","9":"tag-e-sampling","10":"tag-facebook"},"menu_order":0,"_links":{"self":[{"href":"https:\/\/www.e-retailadvertising.com\/index.php\/wp-json\/wp\/v2\/posts\/1180","targetHints":{"allow":["GET"]}}],"collection":[{"href":"https:\/\/www.e-retailadvertising.com\/index.php\/wp-json\/wp\/v2\/posts"}],"about":[{"href":"https:\/\/www.e-retailadvertising.com\/index.php\/wp-json\/wp\/v2\/types\/post"}],"author":[{"embeddable":true,"href":"https:\/\/www.e-retailadvertising.com\/index.php\/wp-json\/wp\/v2\/users\/1"}],"replies":[{"embeddable":true,"href":"https:\/\/www.e-retailadvertising.com\/index.php\/wp-json\/wp\/v2\/comments?post=1180"}],"version-history":[{"count":1,"href":"https:\/\/www.e-retailadvertising.com\/index.php\/wp-json\/wp\/v2\/posts\/1180\/revisions"}],"predecessor-version":[{"id":1181,"href":"https:\/\/www.e-retailadvertising.com\/index.php\/wp-json\/wp\/v2\/posts\/1180\/revisions\/1181"}],"wp:featuredmedia":[{"embeddable":true,"href":"https:\/\/www.e-retailadvertising.com\/index.php\/wp-json\/wp\/v2\/media\/1183"}],"wp:attachment":[{"href":"https:\/\/www.e-retailadvertising.com\/index.php\/wp-json\/wp\/v2\/media?parent=1180"}],"wp:term":[{"taxonomy":"category","embeddable":true,"href":"https:\/\/www.e-retailadvertising.com\/index.php\/wp-json\/wp\/v2\/categories?post=1180"},{"taxonomy":"post_tag","embeddable":true,"href":"https:\/\/www.e-retailadvertising.com\/index.php\/wp-json\/wp\/v2\/tags?post=1180"}],"curies":[{"name":"wp","href":"https:\/\/api.w.org\/{rel}","templated":true}]}}