{"id":1223,"date":"2017-12-13T18:28:44","date_gmt":"2017-12-13T18:28:44","guid":{"rendered":"http:\/\/www.e-retailadvertising.com\/?p=1223"},"modified":"2017-12-13T18:28:44","modified_gmt":"2017-12-13T18:28:44","slug":"facebook-por-fin-cambiara-a-conteo-de-alcance-organico-de-solo-visibilidad-para-pages-el-proximo-ano","status":"publish","type":"post","link":"https:\/\/www.e-retailadvertising.com\/index.php\/2017\/12\/13\/facebook-por-fin-cambiara-a-conteo-de-alcance-organico-de-solo-visibilidad-para-pages-el-proximo-ano\/","title":{"rendered":"Facebook (por fin) cambiar\u00e1 a conteo de alcance org\u00e1nico de solo visibilidad para Pages el pr\u00f3ximo a\u00f1o"},"content":{"rendered":"<p>Facebook dijo en noviembre de 2016 que ajustar\u00eda su m\u00e9trica de alcance org\u00e1nico para contar solo las impresiones cuando apareciera la publicaci\u00f3n de una p\u00e1gina en la pantalla de otra persona.<br \/>\nHace m\u00e1s de un a\u00f1o, Facebook dijo que cambiar\u00eda la forma en que cuenta el alcance org\u00e1nico para que las publicaciones de Pages solo incluyan las impresiones visibles. Pero ese ajuste a\u00fan no se ha realizado.<br \/>\nFacebook espera instituir la nueva metodolog\u00eda, que solo contar\u00e1 el alcance org\u00e1nico cuando la publicaci\u00f3n de una p\u00e1gina apareci\u00f3 en la pantalla de una persona, a principios de 2018, seg\u00fan un vocero de Facebook.<br \/>\nCuando la compa\u00f1\u00eda anunci\u00f3 en noviembre de 2016 que cambiar\u00eda solo para contar las impresiones visibles para los recuentos de alcance de las publicaciones org\u00e1nicas de Pages, como lo hace para los anuncios, Facebook dijo que el cambio entrar\u00eda en vigor \u00aben los pr\u00f3ximos meses\u00bb. Sin embargo, la soluci\u00f3n ha tomado m\u00e1s tiempo de lo esperado para construir, dijo el portavoz.<br \/>\nLa noticia de que Facebook a\u00fan no se ha cambiado a los recuentos de alcance org\u00e1nico visibles solo puede sorprender a algunas marcas y otros propietarios de p\u00e1ginas que probablemente asumieron que Facebook ya hab\u00eda adoptado el est\u00e1ndar de visibilidad. Aunque todav\u00eda no se ha hecho, por razones obvias Facebook dijo que alertar\u00eda a las p\u00e1ginas una vez que el cambio se haya implementado.<br \/>\nPuede haber sorprendido a los propietarios de Page no haber visto la ca\u00edda del 20 por ciento en el alcance org\u00e1nico que Facebook les aconsej\u00f3 anticipar despu\u00e9s de que la soluci\u00f3n se promulgara. Y luego, de nuevo, en este punto, cualquier nivel de alcance org\u00e1nico puede sorprender a los propietarios de las p\u00e1ginas, teniendo en cuenta los continuos cambios en los algoritmos de Facebook que hacen que el alcance org\u00e1nico sea m\u00e1s dif\u00edcil de encontrar en su plataforma.<\/p>\n<p>&nbsp;<\/p>\n<p>&nbsp;<\/p>\n<p>&nbsp;<\/p>\n<p>fuente: marketingland.com (https:\/\/marketingland.com\/facebook-will-finally-shift-viewable-organic-reach-counts-pages-next-year-229941)<\/p>\n","protected":false},"excerpt":{"rendered":"<p>Facebook dijo en noviembre de 2016 que ajustar\u00eda su m\u00e9trica de alcance org\u00e1nico para contar solo las impresiones cuando apareciera&#8230;<\/p>\n","protected":false},"author":1,"featured_media":1099,"comment_status":"open","ping_status":"open","sticky":false,"template":"","format":"standard","meta":{"footnotes":""},"categories":[14],"tags":[157,97],"class_list":{"0":"post-1223","1":"post","2":"type-post","3":"status-publish","4":"format-standard","5":"has-post-thumbnail","7":"category-noticias-del-sector","8":"tag-e-sampling","9":"tag-publicidadonline"},"menu_order":0,"_links":{"self":[{"href":"https:\/\/www.e-retailadvertising.com\/index.php\/wp-json\/wp\/v2\/posts\/1223","targetHints":{"allow":["GET"]}}],"collection":[{"href":"https:\/\/www.e-retailadvertising.com\/index.php\/wp-json\/wp\/v2\/posts"}],"about":[{"href":"https:\/\/www.e-retailadvertising.com\/index.php\/wp-json\/wp\/v2\/types\/post"}],"author":[{"embeddable":true,"href":"https:\/\/www.e-retailadvertising.com\/index.php\/wp-json\/wp\/v2\/users\/1"}],"replies":[{"embeddable":true,"href":"https:\/\/www.e-retailadvertising.com\/index.php\/wp-json\/wp\/v2\/comments?post=1223"}],"version-history":[{"count":1,"href":"https:\/\/www.e-retailadvertising.com\/index.php\/wp-json\/wp\/v2\/posts\/1223\/revisions"}],"predecessor-version":[{"id":1224,"href":"https:\/\/www.e-retailadvertising.com\/index.php\/wp-json\/wp\/v2\/posts\/1223\/revisions\/1224"}],"wp:featuredmedia":[{"embeddable":true,"href":"https:\/\/www.e-retailadvertising.com\/index.php\/wp-json\/wp\/v2\/media\/1099"}],"wp:attachment":[{"href":"https:\/\/www.e-retailadvertising.com\/index.php\/wp-json\/wp\/v2\/media?parent=1223"}],"wp:term":[{"taxonomy":"category","embeddable":true,"href":"https:\/\/www.e-retailadvertising.com\/index.php\/wp-json\/wp\/v2\/categories?post=1223"},{"taxonomy":"post_tag","embeddable":true,"href":"https:\/\/www.e-retailadvertising.com\/index.php\/wp-json\/wp\/v2\/tags?post=1223"}],"curies":[{"name":"wp","href":"https:\/\/api.w.org\/{rel}","templated":true}]}}